{"id":2315,"date":"2024-11-27T06:57:04","date_gmt":"2024-11-27T06:57:04","guid":{"rendered":"https:\/\/sinoextrud.com\/?p=2315"},"modified":"2024-11-27T06:57:04","modified_gmt":"2024-11-27T06:57:04","slug":"szorasos-festes-vs-porszoras","status":"publish","type":"post","link":"https:\/\/sinoextrud.com\/hu\/spray-painting-vs-powder-coating\/","title":{"rendered":"Az alum\u00edniumprofilok fest\u00e9ksz\u00f3r\u00f3 \u00e9s porfest\u00e9se el\u0151nyeinek \u00e9s h\u00e1tr\u00e1nyainak \u00f6sszehasonl\u00edt\u00e1sa"},"content":{"rendered":"<p><figure><img decoding=\"async\" src=\"https:\/\/sinoextrud.com\/wp-content\/uploads\/aluminum-profiles-comparison.webp\" alt=\"K\u00e9t k\u00fcl\u00f6nb\u00f6z\u0151 fel\u00fcletkezel\u00e9s\u0171 alum\u00edniumprofil \u00f6sszehasonl\u00edt\u00e1sa\"><figcaption>Alum\u00ednium profilok \u00f6sszehasonl\u00edt\u00e1sa<\/figcaption><\/figure>\n<\/p>\n<p>Az alum\u00ednium projektjeihez a sz\u00f3r\u00e1sos fest\u00e9s \u00e9s a porfest\u00e9s k\u00f6z\u00f6tt ingadozik? Nincs egyed\u00fcl.<\/p>\n<p><strong>A fest\u00e9ksz\u00f3r\u00f3 fest\u00e9s \u00e1ltal\u00e1ban olcs\u00f3bb, \u00e9s k\u00f6nnyen v\u00e1ltoztathat\u00f3 a sz\u00edn, \u00edgy ide\u00e1lis kisebb projektekhez. A porfest\u00e9s, b\u00e1r kezdetben dr\u00e1g\u00e1bb, kiv\u00e1l\u00f3 tart\u00f3ss\u00e1got biztos\u00edt \u00e9s k\u00f6rnyezetbar\u00e1t, \u00edgy nagyobb szabadt\u00e9ri alkalmaz\u00e1sokhoz alkalmas.<\/strong><\/p>\n<p>B\u00e1r mindk\u00e9t m\u00f3dszernek megvannak az el\u0151nyei \u00e9s h\u00e1tr\u00e1nyai, az egyes m\u00f3dszerek \u00e1rnyalatainak meg\u00e9rt\u00e9se seg\u00edthet a d\u00f6nt\u00e9snek az \u00d6n konkr\u00e9t projektig\u00e9nyeihez igaz\u00edtani. Olvasson tov\u00e1bb, hogy felfedje a r\u00e9szletes betekint\u00e9st, amely seg\u00edthet a v\u00e1laszt\u00e1sban.<\/p>\n<div class=\"claim claim-true\" style=\"background-color: #e6f3e6; border-color: #e6f3e6; color: #2e8b57;\"><p><svg xmlns=\"http:\/\/www.w3.org\/2000\/svg\" width=\"24\" height=\"24\" viewbox=\"0 0 24 24\" fill=\"transparent\" stroke=\"currentColor\" stroke-width=\"2\" stroke-linecap=\"round\" stroke-linejoin=\"round\"><path d=\"M20 13c0 5-3.5 7.5-7.66 8.95a1 1 0 0 1-.67-.01C7.5 20.5 4 18 4 13V6a1 1 0 0 1 1-1c2 0 4.5-1.2 6.24-2.72a1.17 1.17 0 0 1 1.52 0C14.51 3.81 17 5 19 5a1 1 0 0 1 1 1z\"\/><path d=\"m9 12 2 2 4-4\"\/><\/svg> <b>A fest\u00e9ksz\u00f3r\u00f3 fest\u00e9s olcs\u00f3bb, mint az alum\u00ednium porsz\u00f3r\u00e1s.<\/b><span class='claim-true-or-false'>Igaz<\/span><\/p><p class='claim-explanation'>A porsz\u00f3r\u00e1sos fest\u00e9snek alacsonyabbak a kezdeti k\u00f6lts\u00e9gei a porfest\u00e9shez k\u00e9pest.<\/p><\/div>\n<div class=\"claim claim-false\" style=\"background-color: #f8e6e6; border-color: #f8e6e6; color: #dc143c;\"><p><svg xmlns=\"http:\/\/www.w3.org\/2000\/svg\" width=\"24\" height=\"24\" viewbox=\"0 0 24 24\" fill=\"transparent\" stroke=\"currentColor\" stroke-width=\"2\" stroke-linecap=\"round\" stroke-linejoin=\"round\"><path d=\"M20 13c0 5-3.5 7.5-7.66 8.95a1 1 0 0 1-.67-.01C7.5 20.5 4 18 4 13V6a1 1 0 0 1 1-1c2 0 4.5-1.2 6.24-2.72a1.17 1.17 0 0 1 1.52 0C14.51 3.81 17 5 19 5a1 1 0 0 1 1 1z\"\/><path d=\"m14.5 9.5-5 5\"\/><path d=\"m9.5 9.5 5 5\"\/><\/svg> <b>A porfest\u00e9s kev\u00e9sb\u00e9 tart\u00f3s, mint az alum\u00edniumra t\u00f6rt\u00e9n\u0151 sz\u00f3r\u00e1sos fest\u00e9s.<\/b><span class='claim-true-or-false'>Hamis<\/span><\/p><p class='claim-explanation'>A porsz\u00f3r\u00e1sos bevonat a fest\u00e9ksz\u00f3r\u00f3 fest\u00e9ssel szemben kiv\u00e1l\u00f3 tart\u00f3ss\u00e1got biztos\u00edt.<\/p><\/div>\n<h2>Melyek az egyes m\u00f3dszerek k\u00f6lts\u00e9gei \u00e9s m\u0171szaki k\u00f6vetelm\u00e9nyei?<\/h2>\n<p>A porsz\u00f3r\u00e1sos fest\u00e9s \u00e9s a porfest\u00e9s k\u00f6lts\u00e9geinek \u00e9s m\u0171szaki k\u00f6vetelm\u00e9nyeinek meg\u00e9rt\u00e9se jelent\u0151sen befoly\u00e1solhatja a gy\u00e1rt\u00e1si m\u00f3dszerekre vonatkoz\u00f3 d\u00f6nt\u00e9s\u00e9t.<\/p>\n<p><strong>A permetez\u00e9ses fest\u00e9s \u00e1ltal\u00e1ban alacsonyabb kezdeti k\u00f6lts\u00e9gekkel j\u00e1r, de folyamatos k\u00f6lts\u00e9gekkel j\u00e1r az old\u00f3szerek \u00e9s a karbantart\u00e1s tekintet\u00e9ben. A porfest\u00e9s magasabb kezdeti felszerel\u00e9si k\u00f6lts\u00e9gekkel j\u00e1r, de hat\u00e9konys\u00e1gi \u00e9s fenntarthat\u00f3s\u00e1gi el\u0151ny\u00f6ket k\u00edn\u00e1l, k\u00fcl\u00f6n\u00f6sen a nagyszab\u00e1s\u00fa m\u0171veletek eset\u00e9ben.<\/strong><\/p>\n<p><figure><img decoding=\"async\" src=\"https:\/\/sinoextrud.com\/wp-content\/uploads\/manufacturing-workshop-scene.webp\" alt=\"Egy gy\u00e1rt\u00f3m\u0171hely, ahol egy fest\u00e9ksz\u00f3r\u00f3 \u00e9s egy porfest\u0151 g\u00e9p l\u00e1that\u00f3.\"><figcaption>Gy\u00e1rt\u00f3 m\u0171hely<\/figcaption><\/figure>\n<\/p>\n<h3>K\u00f6lts\u00e9gelemz\u00e9s: Porsz\u00f3r\u00e1sos fest\u00e9s vs. porsz\u00f3r\u00e1s<\/h3>\n<p>Az \u00e9rt\u00e9kel\u00e9sek sor\u00e1n a <a href=\"https:\/\/www.finishingsystems.com\/blog\/powder-coating-vs-paint\/\">k\u00f6lts\u00e9gt\u00e9nyez\u0151k<\/a><sup id=\"fnref1:watcatroem-1\"><a href=\"#fn:watcatroem-1\" class=\"footnote-ref\">1<\/a><\/sup> az egyes m\u00f3dszerekhez kapcsol\u00f3d\u00f3an l\u00e9nyeges, hogy mind a kezdeti, mind a folyamatos k\u00f6lts\u00e9geket figyelembe vegy\u00fck:<\/p>\n<table>\n<thead>\n<tr>\n<th><strong>M\u00f3dszer<\/strong><\/th>\n<th><strong>Kezdeti k\u00f6lts\u00e9gek<\/strong><\/th>\n<th><strong>Folyamatos k\u00f6lts\u00e9gek<\/strong><\/th>\n<\/tr>\n<\/thead>\n<tbody>\n<tr>\n<td>Fest\u00e9ksz\u00f3r\u00f3 fest\u00e9s<\/td>\n<td>Alacsony: Alapvet\u0151 permetez\u0151berendez\u00e9s<\/td>\n<td>Magas: old\u00f3szer, fest\u00e9k ut\u00e1np\u00f3tl\u00e1s, munkaer\u0151<\/td>\n<\/tr>\n<tr>\n<td>Porbevonat<\/td>\n<td>Magas: Elektrosztatikus pisztolyok, kem\u00e9ny\u00edt\u0151 kemenc\u00e9k<\/td>\n<td>Alacsony: por visszanyer\u00e9se, minim\u00e1lis hullad\u00e9k<\/td>\n<\/tr>\n<\/tbody>\n<\/table>\n<p>A permetez\u00e9ses fest\u00e9s kezdetben k\u00f6lts\u00e9ghat\u00e9konynak t\u0171nhet az alacsonyabb eszk\u00f6zberuh\u00e1z\u00e1sok miatt. A fest\u00e9kek \u00e9s old\u00f3szerek ism\u00e9tl\u0151d\u0151 k\u00f6lts\u00e9gei azonban felhalmoz\u00f3dnak, k\u00fcl\u00f6n\u00f6sen, ha gyakori sz\u00ednv\u00e1ltoztat\u00e1sra van sz\u00fcks\u00e9g.<\/p>\n<p>Ezzel szemben a porfest\u00e9s jelent\u0151s el\u0151zetes beruh\u00e1z\u00e1st ig\u00e9nyel olyan speci\u00e1lis berendez\u00e9sekbe, mint a sz\u00e1r\u00edt\u00f3 kemenc\u00e9k. A hat\u00e9kony porfelhaszn\u00e1l\u00e1s \u00e9s az alacsonyabb hullad\u00e9ktermel\u00e9s miatt azonban id\u0151vel gazdas\u00e1gosabb\u00e1 v\u00e1lik.  <\/p>\n<h3>Az egyes m\u00f3dszerek technikai k\u00f6vetelm\u00e9nyei<\/h3>\n<h4>Fest\u00e9ksz\u00f3r\u00f3 fest\u00e9s<\/h4>\n<ul>\n<li><strong>Sz\u00fcks\u00e9ges felszerel\u00e9s<\/strong>: Alapvet\u0151 l\u00e9gpisztolyok, kompresszorok \u00e9s szell\u0151z\u0151rendszerek.<\/li>\n<li><strong>K\u00e9pzetts\u00e9gi szint<\/strong>: Egyszer\u0171s\u00e9ge miatt k\u00f6nnyebben alkalmazhat\u00f3 kis l\u00e9pt\u00e9k\u0171 projektekn\u00e9l.<\/li>\n<li><strong>Karbantart\u00e1s<\/strong>: A berendez\u00e9sek rendszeres tiszt\u00edt\u00e1sa sz\u00fcks\u00e9ges az elt\u00f6m\u0151d\u00e9s megel\u0151z\u00e9s\u00e9hez \u00e9s a min\u0151s\u00e9gi befejez\u00e9sek biztos\u00edt\u00e1s\u00e1hoz.<\/li>\n<\/ul>\n<h4>Porbevonat<\/h4>\n<ul>\n<li><strong>Sz\u00fcks\u00e9ges felszerel\u00e9s<\/strong>: Olyan fejlett eszk\u00f6z\u00f6ket ig\u00e9nyel, mint az elektrosztatikus sz\u00f3r\u00f3pisztolyok \u00e9s sz\u00e1r\u00edt\u00f3 kemenc\u00e9k.<\/li>\n<li><strong>K\u00e9pzetts\u00e9gi szint<\/strong>: A berendez\u00e9s \u00e9s a folyamat \u00f6sszetetts\u00e9ge miatt k\u00e9pzett kezel\u0151ket ig\u00e9nyel.<\/li>\n<li><strong>Karbantart\u00e1s<\/strong>: A berendez\u00e9s tart\u00f3s, a fest\u00e9ksz\u00f3r\u00f3 fest\u00e9shez k\u00e9pest minim\u00e1lis karbantart\u00e1si ig\u00e9ny\u0171.<\/li>\n<\/ul>\n<h3>K\u00f6rnyezeti megfontol\u00e1sok<\/h3>\n<p>E m\u00f3dszerek egyik legfontosabb szempontja az, hogy <a href=\"https:\/\/www.powdercoating.org\/page\/EnviroImpact\">k\u00f6rnyezeti hat\u00e1s<\/a><sup id=\"fnref1:watcatroem-2\"><a href=\"#fn:watcatroem-2\" class=\"footnote-ref\">2<\/a><\/sup>. A fest\u00e9ksz\u00f3r\u00f3 fest\u00e9s olyan old\u00f3szereket tartalmaz, amelyek VOC-ket bocs\u00e1tanak ki, ami sz\u00fcks\u00e9gess\u00e9 teszi a k\u00f6rnyezetv\u00e9delmi el\u0151\u00edr\u00e1sok betart\u00e1s\u00e1t. A porfest\u00e9s ugyanakkor teljesen elker\u00fcli az old\u00f3szereket, \u00edgy k\u00f6rnyezetbar\u00e1tabb v\u00e1laszt\u00e1s, mivel cs\u00f6kkenti a k\u00e1rosanyag-kibocs\u00e1t\u00e1st \u00e9s lehet\u0151v\u00e9 teszi a por \u00fajrahasznos\u00edt\u00e1s\u00e1t.  <\/p>\n<p>E t\u00e9nyez\u0151k \u00e9rt\u00e9kel\u00e9s\u00e9vel meghat\u00e1rozhatja, hogy melyik m\u00f3dszer felel meg jobban a projekt m\u00e9ret\u00e9nek, k\u00f6lts\u00e9gvet\u00e9s\u00e9nek \u00e9s k\u00f6rnyezetv\u00e9delmi c\u00e9ljainak. P\u00e9ld\u00e1ul a porfest\u00e9s fenntarthat\u00f3 el\u0151nyei nagyobb l\u00e9pt\u00e9k\u0171 m\u0171veletek eset\u00e9n ellens\u00falyozhatj\u00e1k a magas kezdeti k\u00f6lts\u00e9geket. Hasonl\u00f3k\u00e9ppen, a kisebb projektek sz\u00e1m\u00e1ra el\u0151ny\u00f6s lehet a rugalmass\u00e1g \u00e9s az alacsonyabb kezdeti k\u00f6lts\u00e9gek miatt a sz\u00f3r\u00e1sos fest\u00e9s.<\/p>\n<div class=\"claim claim-true\" style=\"background-color: #e6f3e6; border-color: #e6f3e6; color: #2e8b57;\"><p><svg xmlns=\"http:\/\/www.w3.org\/2000\/svg\" width=\"24\" height=\"24\" viewbox=\"0 0 24 24\" fill=\"transparent\" stroke=\"currentColor\" stroke-width=\"2\" stroke-linecap=\"round\" stroke-linejoin=\"round\"><path d=\"M20 13c0 5-3.5 7.5-7.66 8.95a1 1 0 0 1-.67-.01C7.5 20.5 4 18 4 13V6a1 1 0 0 1 1-1c2 0 4.5-1.2 6.24-2.72a1.17 1.17 0 0 1 1.52 0C14.51 3.81 17 5 19 5a1 1 0 0 1 1 1z\"\/><path d=\"m9 12 2 2 4-4\"\/><\/svg> <b>A sz\u00f3r\u00e1sos fest\u00e9snek magasabbak a folyamatos k\u00f6lts\u00e9gei, mint a porfest\u00e9snek.<\/b><span class='claim-true-or-false'>Igaz<\/span><\/p><p class='claim-explanation'>A sz\u00f3r\u00e1sos fest\u00e9s gyakori old\u00f3szer- \u00e9s fest\u00e9kut\u00e1np\u00f3tl\u00e1st ig\u00e9nyel, ami n\u00f6veli a k\u00f6lts\u00e9geket.<\/p><\/div>\n<div class=\"claim claim-true\" style=\"background-color: #e6f3e6; border-color: #e6f3e6; color: #2e8b57;\"><p><svg xmlns=\"http:\/\/www.w3.org\/2000\/svg\" width=\"24\" height=\"24\" viewbox=\"0 0 24 24\" fill=\"transparent\" stroke=\"currentColor\" stroke-width=\"2\" stroke-linecap=\"round\" stroke-linejoin=\"round\"><path d=\"M20 13c0 5-3.5 7.5-7.66 8.95a1 1 0 0 1-.67-.01C7.5 20.5 4 18 4 13V6a1 1 0 0 1 1-1c2 0 4.5-1.2 6.24-2.72a1.17 1.17 0 0 1 1.52 0C14.51 3.81 17 5 19 5a1 1 0 0 1 1 1z\"\/><path d=\"m9 12 2 2 4-4\"\/><\/svg> <b>A porfest\u00e9s kevesebb karbantart\u00e1st ig\u00e9nyel, mint a fest\u00e9ksz\u00f3r\u00f3 fest\u00e9s.<\/b><span class='claim-true-or-false'>Igaz<\/span><\/p><p class='claim-explanation'>A porfest\u0151 berendez\u00e9sek tart\u00f3sabbak, minim\u00e1lis karbantart\u00e1st ig\u00e9nyelnek.<\/p><\/div>\n<h2>Hogyan hasonl\u00edtja \u00f6ssze a fel\u00fcletet \u00e9s a tart\u00f3ss\u00e1got?<\/h2>\n<p>Amikor az alum\u00edniumprofilok fest\u00e9se \u00e9s porsz\u00f3r\u00e1sos fest\u00e9se k\u00f6z\u00f6tt v\u00e1lasztunk, a fel\u00fcletkezel\u00e9s \u00e9s a tart\u00f3ss\u00e1g d\u00f6nt\u0151 t\u00e9nyez\u0151k. Hogyan viszonyulnak ezek a m\u00f3dszerek egym\u00e1shoz e szempontok szerint?<\/p>\n<p><strong>A fest\u00e9ksz\u00f3r\u00f3 fest\u00e9s v\u00e1ltozatos fel\u00fcleteket k\u00edn\u00e1l, de kev\u00e9sb\u00e9 tart\u00f3s, hajlamos a lepattogz\u00e1sra \u00e9s a fakul\u00e1sra. A porfest\u00e9s kiv\u00e1l\u00f3 tart\u00f3ss\u00e1got biztos\u00edt, ellen\u00e1ll a karcol\u00e1soknak, a korr\u00f3zi\u00f3nak \u00e9s a k\u00f6rnyezeti kop\u00e1snak, \u00edgy ide\u00e1lis a hossz\u00fa t\u00e1v\u00fa haszn\u00e1latra.<\/strong><\/p>\n<p><figure><img decoding=\"async\" src=\"https:\/\/sinoextrud.com\/wp-content\/uploads\/aluminum-profiles-close-up-3.webp\" alt=\"K\u00f6zelk\u00e9p k\u00e9t k\u00fcl\u00f6nb\u00f6z\u0151 fel\u00fclet\u0171 alum\u00ednium profilr\u00f3l\"><figcaption>Alum\u00ednium profilok \u00f6sszehasonl\u00edt\u00e1sa<\/figcaption><\/figure>\n<\/p>\n<h3>A fel\u00fcletkezel\u00e9s spektruma<\/h3>\n<p><strong>Fest\u00e9ksz\u00f3r\u00f3 fest\u00e9s<\/strong>: Ez a m\u00f3dszer lehet\u0151v\u00e9 teszi a sz\u00ednek \u00e9s fel\u00fcletek sz\u00e9les sk\u00e1l\u00e1j\u00e1t, a magas f\u00e9ny\u0171t\u0151l a mattig. Sokoldal\u00fa, egyedi tervez\u00e9si ig\u00e9nyeket kiel\u00e9g\u00edt\u0151. Azonban, <a href=\"https:\/\/diy.stackexchange.com\/questions\/97164\/paint-chipping-too-easily-on-trim-and-jambs\">festett fel\u00fcletek<\/a><sup id=\"fnref1:hdtsfadc-1\"><a href=\"#fn:hdtsfadc-1\" class=\"footnote-ref\">3<\/a><\/sup> olyan kih\u00edv\u00e1sokkal szembes\u00fclhetnek, mint a fakul\u00e1s \u00e9s a lepattan\u00e1s, k\u00fcl\u00f6n\u00f6sen zord k\u00f6rnyezetben.<\/p>\n<p><strong>Porbevonat<\/strong>: Az egyenletes \u00e9s kiv\u00e1l\u00f3 min\u0151s\u00e9g\u0171 kivitel\u00e9r\u0151l ismert porfest\u00e9s vastagabb r\u00e9teget k\u00e9pez, mint a fest\u00e9k, \u00edgy jobb v\u00e9delmet biztos\u00edt. A fest\u00e9ksz\u00f3r\u00e1sos fest\u00e9shez k\u00e9pest korl\u00e1tozottak a fel\u00fcletei, de fokozott tart\u00f3ss\u00e1got biztos\u00edtanak.<\/p>\n<h3>A figyelembe veend\u0151 tart\u00f3ss\u00e1gi t\u00e9nyez\u0151k<\/h3>\n<table>\n<thead>\n<tr>\n<th><strong>T\u00e9nyez\u0151<\/strong><\/th>\n<th><strong>Fest\u00e9ksz\u00f3r\u00f3 fest\u00e9s<\/strong><\/th>\n<th><strong>Porbevonat<\/strong><\/th>\n<\/tr>\n<\/thead>\n<tbody>\n<tr>\n<td><strong>Ellen\u00e1ll\u00e1s<\/strong><\/td>\n<td>Karcol\u00e1sokra \u00e9s lepattan\u00e1sokra hajlamos<\/td>\n<td>Kiv\u00e1l\u00f3 karc- \u00e9s korr\u00f3zi\u00f3\u00e1ll\u00f3s\u00e1g<\/td>\n<\/tr>\n<tr>\n<td><strong>Hossz\u00fa \u00e9lettartam<\/strong><\/td>\n<td>Napf\u00e9nyben id\u0151vel kifakulhat<\/td>\n<td>Hosszabb ideig meg\u0151rzi a sz\u00ednt \u00e9s a fel\u00fcletet<\/td>\n<\/tr>\n<tr>\n<td><strong>Karbantart\u00e1s<\/strong><\/td>\n<td>Kijav\u00edt\u00e1st \u00e9s \u00fajb\u00f3li felvitelt ig\u00e9nyel<\/td>\n<td>Alacsony karbantart\u00e1si ig\u00e9ny; ritk\u00e1bban sz\u00fcks\u00e9ges jav\u00edt\u00e1s<\/td>\n<\/tr>\n<\/tbody>\n<\/table>\n<p>Fest\u00e9ksz\u00f3r\u00f3 spray <a href=\"https:\/\/www.realmilkpaint.com\/blog\/news\/understand-hazardous-environmental-impact-paint\/?srsltid=AfmBOorBHaYeTF_vfcsvicVbh4Pb1rGlIGSvGQnFOHKVtcd67aPL6ih3\">az old\u00f3szerekre val\u00f3 t\u00e1maszkod\u00e1s<\/a><sup id=\"fnref1:hdtsfadc-2\"><a href=\"#fn:hdtsfadc-2\" class=\"footnote-ref\">4<\/a><\/sup> id\u0151vel k\u00f6rnyezetroml\u00e1shoz vezethet. Ezzel szemben a porfest\u00e9k old\u00f3szermentes jellege miatt a k\u00fcls\u0151 t\u00e9nyez\u0151k miatt kisebb a kop\u00e1s.<\/p>\n<h3>A k\u00f6rnyezet hat\u00e1sa a tart\u00f3ss\u00e1gra<\/h3>\n<p>A fest\u00e9ksz\u00f3r\u00f3 fest\u00e9kkel bevont alum\u00edniumprofilok k\u00fclt\u00e9ren az UV-f\u00e9nynek \u00e9s a nedvess\u00e9gnek val\u00f3 kitetts\u00e9g miatt gyorsabban t\u00f6nkremehetnek. Ez kulcsfontoss\u00e1g\u00fa az olyan term\u00e9kek eset\u00e9ben, mint a k\u00fclt\u00e9ri b\u00fatorok vagy az aut\u00f3s utaz\u00f3s\u00e1trak. Ezzel szemben a porfest\u00e9k fokozott v\u00e9delmet ny\u00fajt az UV-sugarakkal \u00e9s a nedvess\u00e9ggel szemben, \u00edgy m\u00e9g kih\u00edv\u00e1st jelent\u0151 k\u00f6r\u00fclm\u00e9nyek k\u00f6z\u00f6tt is hossz\u00fa \u00e9lettartamot biztos\u00edt.<\/p>\n<p>Ha ezeket a m\u00f3dszereket k\u00fcl\u00f6nb\u00f6z\u0151 szempontokb\u00f3l vizsg\u00e1ljuk, kider\u00fcl, hogy m\u00edg a sz\u00f3r\u00e1sos fest\u00e9s eszt\u00e9tikai szempontb\u00f3l alkalmazkod\u00f3bb, a porfest\u00e9s a hossz\u00fa t\u00e1v\u00fa tart\u00f3ss\u00e1g tekintet\u00e9ben kiemelkedik. A k\u00f6rnyezeti t\u00e9nyez\u0151k figyelembev\u00e9tele jelent\u0151sen befoly\u00e1solhatja az alum\u00edniumprofilok bevonat\u00e1nak kiv\u00e1laszt\u00e1s\u00e1t.<\/p>\n<div class=\"claim claim-false\" style=\"background-color: #f8e6e6; border-color: #f8e6e6; color: #dc143c;\"><p><svg xmlns=\"http:\/\/www.w3.org\/2000\/svg\" width=\"24\" height=\"24\" viewbox=\"0 0 24 24\" fill=\"transparent\" stroke=\"currentColor\" stroke-width=\"2\" stroke-linecap=\"round\" stroke-linejoin=\"round\"><path d=\"M20 13c0 5-3.5 7.5-7.66 8.95a1 1 0 0 1-.67-.01C7.5 20.5 4 18 4 13V6a1 1 0 0 1 1-1c2 0 4.5-1.2 6.24-2.72a1.17 1.17 0 0 1 1.52 0C14.51 3.81 17 5 19 5a1 1 0 0 1 1 1z\"\/><path d=\"m14.5 9.5-5 5\"\/><path d=\"m9.5 9.5 5 5\"\/><\/svg> <b>A porfest\u00e9s t\u00f6bb sz\u00ednv\u00e1laszt\u00e1si lehet\u0151s\u00e9get k\u00edn\u00e1l, mint a fest\u00e9ksz\u00f3r\u00f3 fest\u00e9s.<\/b><span class='claim-true-or-false'>Hamis<\/span><\/p><p class='claim-explanation'>A sz\u00f3r\u00e1sos fest\u00e9s t\u00f6bb sz\u00edn- \u00e9s kivitelez\u00e9si lehet\u0151s\u00e9get k\u00edn\u00e1l, mint a porfest\u00e9s.<\/p><\/div>\n<div class=\"claim claim-true\" style=\"background-color: #e6f3e6; border-color: #e6f3e6; color: #2e8b57;\"><p><svg xmlns=\"http:\/\/www.w3.org\/2000\/svg\" width=\"24\" height=\"24\" viewbox=\"0 0 24 24\" fill=\"transparent\" stroke=\"currentColor\" stroke-width=\"2\" stroke-linecap=\"round\" stroke-linejoin=\"round\"><path d=\"M20 13c0 5-3.5 7.5-7.66 8.95a1 1 0 0 1-.67-.01C7.5 20.5 4 18 4 13V6a1 1 0 0 1 1-1c2 0 4.5-1.2 6.24-2.72a1.17 1.17 0 0 1 1.52 0C14.51 3.81 17 5 19 5a1 1 0 0 1 1 1z\"\/><path d=\"m9 12 2 2 4-4\"\/><\/svg> <b>A fest\u00e9ksz\u00f3r\u00f3val festett fel\u00fcletek t\u00f6bb karbantart\u00e1st ig\u00e9nyelnek, mint a porsz\u00f3rtan festett fel\u00fcletek.<\/b><span class='claim-true-or-false'>Igaz<\/span><\/p><p class='claim-explanation'>A fest\u00e9ksz\u00f3r\u00f3 fest\u00e9k gyakori jav\u00edt\u00e1st ig\u00e9nyel; a porfest\u00e9k alacsony karbantart\u00e1si ig\u00e9ny\u0171.<\/p><\/div>\n<h2>Melyik m\u00f3dszer felel meg jobban a k\u00f6rnyezetv\u00e9delmi el\u0151\u00edr\u00e1soknak?<\/h2>\n<p>A fenntarthat\u00f3 gy\u00e1rt\u00e1sra val\u00f3 t\u00f6rekv\u00e9s sor\u00e1n kulcsfontoss\u00e1g\u00fa az olyan m\u00f3dszerek \u00e9rt\u00e9kel\u00e9se, mint a sz\u00f3r\u00e1sos fest\u00e9s \u00e9s a porfest\u00e9s. Mindk\u00e9t technika egyedi hat\u00e1ssal van a k\u00f6rnyezetre. Vizsg\u00e1ljuk meg, melyik felel meg jobban a k\u00f6rnyezetbar\u00e1t szabv\u00e1nyoknak.<\/p>\n<p><strong>A porfest\u00e9k \u00e1ltal\u00e1ban jobban megfelel a k\u00f6rnyezetv\u00e9delmi el\u0151\u00edr\u00e1soknak, mivel old\u00f3szermentes alkalmaz\u00e1sa cs\u00f6kkenti a <abbr title=\"ill\u00e9kony szerves vegy\u00fcletek\">VOC<\/abbr> kibocs\u00e1t\u00e1s, valamint a felesleges por \u00fajrahasznos\u00edt\u00e1s\u00e1nak k\u00e9pess\u00e9ge, minimaliz\u00e1lva a hullad\u00e9k mennyis\u00e9g\u00e9t. A sz\u00f3r\u00e1sos fest\u00e9s viszont gyakran k\u00e1ros old\u00f3szereket haszn\u00e1l.<\/strong><\/p>\n<p><figure><img decoding=\"async\" src=\"https:\/\/sinoextrud.com\/wp-content\/uploads\/manufacturing-facility-spray-painting-powder-coating.webp\" alt=\"A permetez\u00e9si \u00e9s porbevon\u00e1si folyamatokat bemutat\u00f3 gy\u00e1rt\u00f3\u00fczem\"><figcaption>Gy\u00e1rt\u00f3 l\u00e9tes\u00edtm\u00e9ny folyamatai<\/figcaption><\/figure>\n<\/p>\n<h3>A fest\u00e9ksz\u00f3r\u00f3 fest\u00e9s k\u00f6rnyezeti hat\u00e1sa<\/h3>\n<p>A fest\u00e9ksz\u00f3r\u00f3 fest\u00e9s hagyom\u00e1nyos m\u00f3dszer, amely sokoldal\u00fas\u00e1g\u00e1r\u00f3l ismert a fel\u00fcletek \u00e9s sz\u00ednek tekintet\u00e9ben. Gyakran j\u00e1r azonban old\u00f3szerek haszn\u00e1lat\u00e1val, amelyek tartalmaznak <a href=\"https:\/\/www.epa.gov\/indoor-air-quality-iaq\/volatile-organic-compounds-impact-indoor-air-quality\">ill\u00e9kony szerves vegy\u00fcletek<\/a><sup id=\"fnref1:wmmesb-1\"><a href=\"#fn:wmmesb-1\" class=\"footnote-ref\">5<\/a><\/sup> (VOC), amelyek hozz\u00e1j\u00e1rulhatnak a l\u00e9gszennyez\u00e9shez. Ezek az old\u00f3szerek a k\u00f6rnyezetv\u00e9delmi t\u00f6rv\u00e9nyeknek val\u00f3 megfelel\u00e9s \u00e9rdek\u00e9ben szigor\u00fa \u00e1rtalmatlan\u00edt\u00e1si elj\u00e1r\u00e1sokat is ig\u00e9nyelnek.<\/p>\n<table>\n<thead>\n<tr>\n<th>Aspect<\/th>\n<th>Fest\u00e9ksz\u00f3r\u00f3 fest\u00e9s<\/th>\n<\/tr>\n<\/thead>\n<tbody>\n<tr>\n<td><abbr title=\"ill\u00e9kony szerves vegy\u00fcletek\">VOC<\/abbr> Kibocs\u00e1t\u00e1s<\/td>\n<td>Magas<\/td>\n<\/tr>\n<tr>\n<td>Hullad\u00e9kgazd\u00e1lkod\u00e1s<\/td>\n<td>Komplex<\/td>\n<\/tr>\n<tr>\n<td>Anyaghat\u00e9konys\u00e1g<\/td>\n<td>Als\u00f3<\/td>\n<\/tr>\n<\/tbody>\n<\/table>\n<p>A fest\u00e9ksz\u00f3r\u00f3 fest\u00e9s alkalmazkod\u00f3k\u00e9pess\u00e9ge miatt vonz\u00f3 a kisebb projektek sz\u00e1m\u00e1ra, ugyanakkor a k\u00f6rnyezetv\u00e9delemmel kapcsolatos k\u00f6lts\u00e9gek magasak lehetnek a felhord\u00e1s \u00e9s sz\u00e1r\u00edt\u00e1s sor\u00e1n felszabadul\u00f3 k\u00e1ros vegyi anyagok miatt.<\/p>\n<h3>A porbevonat el\u0151nyei<\/h3>\n<p>A porfest\u00e9s kiemelkedik k\u00f6rnyezetbar\u00e1t profilj\u00e1val. Enn\u00e9l a m\u00f3dszern\u00e9l sz\u00e1raz port alkalmaznak, amelyet h\u0151 hat\u00e1s\u00e1ra kikem\u00e9ny\u00edtenek. Nem ig\u00e9nyel old\u00f3szereket, \u00edgy kik\u00fcsz\u00f6b\u00f6li a <abbr title=\"ill\u00e9kony szerves vegy\u00fcletek\">VOC<\/abbr> kibocs\u00e1t\u00e1s. Ezenk\u00edv\u00fcl a permetl\u00e9 gyakran \u00f6sszegy\u0171jthet\u0151 \u00e9s \u00fajrafelhaszn\u00e1lhat\u00f3, ami cs\u00f6kkenti a hullad\u00e9k mennyis\u00e9g\u00e9t.<\/p>\n<table>\n<thead>\n<tr>\n<th>Aspect<\/th>\n<th>Porbevonat<\/th>\n<\/tr>\n<\/thead>\n<tbody>\n<tr>\n<td><abbr title=\"ill\u00e9kony szerves vegy\u00fcletek\">VOC<\/abbr> Kibocs\u00e1t\u00e1s<\/td>\n<td>Nincs<\/td>\n<\/tr>\n<tr>\n<td>Hullad\u00e9kgazd\u00e1lkod\u00e1s<\/td>\n<td>Egyszer\u0171s\u00edtett<\/td>\n<\/tr>\n<tr>\n<td>Anyaghat\u00e9konys\u00e1g<\/td>\n<td>Magasabb<\/td>\n<\/tr>\n<\/tbody>\n<\/table>\n<p>A porsz\u00f3r\u00e1sos bevonat k\u00fcl\u00f6n\u00f6sen hat\u00e9kony a nagy\u00fczemi termel\u00e9sben, ahol a fenntarthat\u00f3s\u00e1g priorit\u00e1st \u00e9lvez. Az elj\u00e1r\u00e1s a k\u00f6rnyezetbar\u00e1t gyakorlatokhoz igazodik, mivel nemcsak a kibocs\u00e1t\u00e1st cs\u00f6kkenti, hanem az anyagfelhaszn\u00e1l\u00e1st is jav\u00edtja.<\/p>\n<h3>Szab\u00e1lyoz\u00e1si megfelel\u00e9si megfontol\u00e1sok<\/h3>\n<p>A szab\u00e1lyoz\u00e1si el\u0151\u00edr\u00e1soknak val\u00f3 megfelel\u00e9s kulcsfontoss\u00e1g\u00fa a mai k\u00f6rnyezettudatos piacon. A porsz\u00f3r\u00e1sos bevonat \u00e1ltal\u00e1ban k\u00f6nnyebb megfelel\u00e9st biztos\u00edt a <a href=\"https:\/\/www.powdercoatingonline.com\/american-coatings-association-legislative-regulatory-policy-update\/\">k\u00f6rnyezetv\u00e9delmi el\u0151\u00edr\u00e1sok<\/a><sup id=\"fnref1:wmmesb-2\"><a href=\"#fn:wmmesb-2\" class=\"footnote-ref\">6<\/a><\/sup> old\u00f3szermentes jellege miatt. A v\u00e1llalatok k\u00f6nnyebben el\u00e9rhetik a tan\u00fas\u00edtv\u00e1nyokat, \u00e9s elker\u00fclhetik az al\u00e1bbi b\u00fcntet\u00e9seket <abbr title=\"ill\u00e9kony szerves vegy\u00fcletek\">VOC<\/abbr> kibocs\u00e1t\u00e1s.<\/p>\n<p>Ezzel szemben a fest\u00e9ksz\u00f3r\u00f3 fest\u00e9s a vesz\u00e9lyes anyagok gondos kezel\u00e9s\u00e9t ig\u00e9nyli, hogy megfeleljen ezeknek az el\u0151\u00edr\u00e1soknak. A v\u00e1llalkoz\u00e1soknak fejlett sz\u0171r\u0151rendszerekbe \u00e9s gyakori ellen\u0151rz\u00e9sekbe kell beruh\u00e1zniuk a megfelel\u00e9s fenntart\u00e1s\u00e1hoz, ami k\u00f6lts\u00e9ges \u00e9s er\u0151forr\u00e1s-ig\u00e9nyes lehet.<\/p>\n<h3>Gyakorlati alkalmaz\u00e1sok \u00e9s piaci trendek<\/h3>\n<p>Az ipar\u00e1gakban priorit\u00e1sk\u00e9nt kezelik <a href=\"https:\/\/www.precisiondipcoating.com\/how-can-powder-coating-be-eco-friendly\">fenntarthat\u00f3s\u00e1g<\/a><sup id=\"fnref1:wmmesb-3\"><a href=\"#fn:wmmesb-3\" class=\"footnote-ref\">7<\/a><\/sup>, p\u00e9ld\u00e1ul az aut\u00f3iparban \u00e9s az \u00e9p\u00edt\u00e9szetben, a porfest\u00e9st egyre ink\u00e1bb el\u0151nyben r\u00e9szes\u00edtik. Tart\u00f3ss\u00e1ga \u00e9s k\u00f6rnyezetbar\u00e1ts\u00e1ga el\u0151ny\u00f6s v\u00e1laszt\u00e1ss\u00e1 teszi ott, ahol a hossz\u00fa \u00e9lettartam\u00fa bevonatok \u00e9s a k\u00f6rnyezeti felel\u0151ss\u00e9gv\u00e1llal\u00e1s alapvet\u0151 fontoss\u00e1g\u00fa.<\/p>\n<p>Ezzel szemben a fest\u00e9ksz\u00f3r\u00f3 fest\u00e9s tov\u00e1bbra is fontos marad a gyors \u00e1tfut\u00e1si id\u0151t vagy k\u00fcl\u00f6nleges eszt\u00e9tikai hat\u00e1st ig\u00e9nyl\u0151 projektek eset\u00e9ben, b\u00e1r a modern k\u00f6rnyezetv\u00e9delmi elv\u00e1r\u00e1soknak val\u00f3 megfelel\u00e9s kih\u00edv\u00e1sokkal k\u00fczd. A technol\u00f3gia fejl\u0151d\u00e9s\u00e9vel az \u00faj megold\u00e1sok jav\u00edthatj\u00e1k a fenntarthat\u00f3s\u00e1gi l\u00e1bnyomot, de jelenleg a k\u00f6rnyezetv\u00e9delmi el\u0151\u00edr\u00e1soknak val\u00f3 megfelel\u00e9s tekintet\u00e9ben elmarad a porsz\u00f3r\u00e1sos fest\u00e9s m\u00f6g\u00f6tt.<\/p>\n<div class=\"claim claim-true\" style=\"background-color: #e6f3e6; border-color: #e6f3e6; color: #2e8b57;\"><p><svg xmlns=\"http:\/\/www.w3.org\/2000\/svg\" width=\"24\" height=\"24\" viewbox=\"0 0 24 24\" fill=\"transparent\" stroke=\"currentColor\" stroke-width=\"2\" stroke-linecap=\"round\" stroke-linejoin=\"round\"><path d=\"M20 13c0 5-3.5 7.5-7.66 8.95a1 1 0 0 1-.67-.01C7.5 20.5 4 18 4 13V6a1 1 0 0 1 1-1c2 0 4.5-1.2 6.24-2.72a1.17 1.17 0 0 1 1.52 0C14.51 3.81 17 5 19 5a1 1 0 0 1 1 1z\"\/><path d=\"m9 12 2 2 4-4\"\/><\/svg> <b>A fest\u00e9ksz\u00f3r\u00f3 fest\u00e9s VOC-ket bocs\u00e1t ki a k\u00f6rnyezetbe.<\/b><span class='claim-true-or-false'>Igaz<\/span><\/p><p class='claim-explanation'>A fest\u00e9ksz\u00f3r\u00f3 fest\u00e9s VOC-old\u00f3szereket haszn\u00e1l, amelyek hozz\u00e1j\u00e1rulnak a leveg\u0151szennyez\u00e9shez.<\/p><\/div>\n<div class=\"claim claim-false\" style=\"background-color: #f8e6e6; border-color: #f8e6e6; color: #dc143c;\"><p><svg xmlns=\"http:\/\/www.w3.org\/2000\/svg\" width=\"24\" height=\"24\" viewbox=\"0 0 24 24\" fill=\"transparent\" stroke=\"currentColor\" stroke-width=\"2\" stroke-linecap=\"round\" stroke-linejoin=\"round\"><path d=\"M20 13c0 5-3.5 7.5-7.66 8.95a1 1 0 0 1-.67-.01C7.5 20.5 4 18 4 13V6a1 1 0 0 1 1-1c2 0 4.5-1.2 6.24-2.72a1.17 1.17 0 0 1 1.52 0C14.51 3.81 17 5 19 5a1 1 0 0 1 1 1z\"\/><path d=\"m14.5 9.5-5 5\"\/><path d=\"m9.5 9.5 5 5\"\/><\/svg> <b>A porbevonat felhord\u00e1s\u00e1hoz old\u00f3szerekre van sz\u00fcks\u00e9g.<\/b><span class='claim-true-or-false'>Hamis<\/span><\/p><p class='claim-explanation'>A porfest\u00e9s sz\u00e1raz port haszn\u00e1l, \u00edgy nincs sz\u00fcks\u00e9g old\u00f3szerekre.<\/p><\/div>\n<h2>Hogyan kell d\u00f6nteni a projekt ig\u00e9nyei alapj\u00e1n?<\/h2>\n<p>Egy projekthez a megfelel\u0151 megk\u00f6zel\u00edt\u00e9s kiv\u00e1laszt\u00e1sa ijeszt\u0151 lehet. Ak\u00e1r az anyagok, ak\u00e1r a m\u00f3dszertanok kiv\u00e1laszt\u00e1s\u00e1r\u00f3l van sz\u00f3, a projekt ig\u00e9nyeihez val\u00f3 igazod\u00e1s d\u00f6nt\u0151 fontoss\u00e1g\u00fa a sikerhez.<\/p>\n<p><strong>A projekt ig\u00e9nyei alapj\u00e1n t\u00f6rt\u00e9n\u0151 d\u00f6nt\u00e9shez vegye figyelembe az olyan t\u00e9nyez\u0151ket, mint a k\u00f6lts\u00e9gvet\u00e9s, a min\u0151s\u00e9g, a fenntarthat\u00f3s\u00e1g \u00e9s az egyedi k\u00f6vetelm\u00e9nyek. A strat\u00e9giai c\u00e9lokkal val\u00f3 \u00f6sszehangol\u00e1s \u00e9rdek\u00e9ben \u00e9rt\u00e9kelje a lehet\u0151s\u00e9geket a kiegyens\u00falyozott \u00e9rt\u00e9kel\u0151lap megk\u00f6zel\u00edt\u00e9s\u00e9n kereszt\u00fcl.<\/strong><\/p>\n<p><figure><img decoding=\"async\" src=\"https:\/\/sinoextrud.com\/wp-content\/uploads\/business-professional-at-modern-desk.webp\" alt=\"\u00dczleti szakember jegyzeteket vizsg\u00e1l egy modern \u00edr\u00f3asztaln\u00e1l\"><figcaption>\u00dczleti szakember az \u00edr\u00f3asztaln\u00e1l<\/figcaption><\/figure>\n<\/p>\n<h3>A projekt ig\u00e9nyeinek meg\u00e9rt\u00e9se<\/h3>\n<p>A megalapozott d\u00f6nt\u00e9sek meghozatal\u00e1hoz kezdje az alapvet\u0151 <a href=\"https:\/\/www.linkedin.com\/advice\/0\/what-steps-identify-project-requirements-skills-project-management-xipjf\">k\u00f6vetelm\u00e9nyek<\/a><sup id=\"fnref1:hsydbopn-1\"><a href=\"#fn:hsydbopn-1\" class=\"footnote-ref\">8<\/a><\/sup> a projektedr\u0151l. Vegye figyelembe az olyan elemeket, mint a k\u00f6lts\u00e9gvet\u00e9si korl\u00e1tok, a k\u00edv\u00e1nt min\u0151s\u00e9g \u00e9s a k\u00f6rnyezeti hat\u00e1sok. Az olyan eszk\u00f6z\u00f6k, mint a kiegyens\u00falyozott \u00e9rt\u00e9kel\u0151lap, seg\u00edthetnek ezeket a t\u00e9nyez\u0151ket egym\u00e1ssal szemben m\u00e9rlegelni.<\/p>\n<table>\n<thead>\n<tr>\n<th><strong>T\u00e9nyez\u0151k<\/strong><\/th>\n<th><strong>Megfontol\u00e1sok<\/strong><\/th>\n<\/tr>\n<\/thead>\n<tbody>\n<tr>\n<td>K\u00f6lts\u00e9gvet\u00e9s<\/td>\n<td>Kezdeti befektet\u00e9s, ROI<\/td>\n<\/tr>\n<tr>\n<td>Min\u0151s\u00e9g<\/td>\n<td>Tart\u00f3ss\u00e1g, eszt\u00e9tikus kialak\u00edt\u00e1s<\/td>\n<\/tr>\n<tr>\n<td>Fenntarthat\u00f3s\u00e1g<\/td>\n<td>K\u00f6rnyezeti hat\u00e1s<\/td>\n<\/tr>\n<\/tbody>\n<\/table>\n<h3>A d\u00f6nt\u00e9sek \u00f6sszehangol\u00e1sa a strat\u00e9giai c\u00e9lokkal<\/h3>\n<p>A projekteknek t\u00e1mogatniuk kell a szervezet sz\u00e9lesebb k\u00f6r\u0171 c\u00e9lkit\u0171z\u00e9seit. Ha p\u00e9ld\u00e1ul a fenntarthat\u00f3s\u00e1g priorit\u00e1st \u00e9lvez, a hullad\u00e9kot \u00e9s a k\u00f6rnyezeti l\u00e1bnyomot cs\u00f6kkent\u0151 m\u00f3dszerek kiv\u00e1laszt\u00e1sa alapvet\u0151 fontoss\u00e1g\u00fa. Ez mag\u00e1ban foglalhatja az olyan anyagok v\u00e1laszt\u00e1s\u00e1t, mint <a href=\"https:\/\/advancedplatingtech.com\/blog\/advantages-of-powder-coating-over-wet-spray-painting-what-you-need-to-know\/\">porsz\u00f3r\u00e1s<\/a><sup id=\"fnref1:hsydbopn-2\"><a href=\"#fn:hsydbopn-2\" class=\"footnote-ref\">9<\/a><\/sup> a fest\u00e9ksz\u00f3r\u00f3 fest\u00e9ssel szemben a k\u00f6rnyezetbar\u00e1ts\u00e1ga miatt.<\/p>\n<h3>Az anyag- \u00e9s m\u00f3dszerlehet\u0151s\u00e9gek \u00e9rt\u00e9kel\u00e9se<\/h3>\n<p>Amikor olyan lehet\u0151s\u00e9geket \u00e9rt\u00e9kel, mint a fest\u00e9ksz\u00f3r\u00f3 fest\u00e9s a porsz\u00f3r\u00e1ssal szemben, vegye figyelembe:<\/p>\n<ul>\n<li><strong>K\u00f6lts\u00e9gek<\/strong>: Kezdeti be\u00e1ll\u00edt\u00e1s kontra hossz\u00fa t\u00e1v\u00fa megtakar\u00edt\u00e1sok.<\/li>\n<li><strong>Tart\u00f3ss\u00e1g<\/strong>: Hossz\u00fa \u00e9lettartam\u00fa fel\u00fcletek, amelyek cs\u00f6kkentik a karbantart\u00e1st.<\/li>\n<li><strong>Megfelel\u00e9s<\/strong>: Szab\u00e1lyoz\u00e1si el\u0151\u00edr\u00e1sok betart\u00e1sa \u00e9s cs\u00f6kkent\u00e9se <abbr title=\"ill\u00e9kony szerves vegy\u00fcletek\">VOC<\/abbr> kibocs\u00e1t\u00e1s.<\/li>\n<\/ul>\n<p>Itt hasznos lehet egy d\u00f6nt\u00e9si m\u00e1trix, amely az egyes lehet\u0151s\u00e9geket a projekt ig\u00e9nyeihez val\u00f3 igazod\u00e1suk alapj\u00e1n pontozza:<\/p>\n<table>\n<thead>\n<tr>\n<th><strong>Opci\u00f3<\/strong><\/th>\n<th><strong>K\u00f6lts\u00e9ghat\u00e9konys\u00e1g<\/strong><\/th>\n<th><strong>Tart\u00f3ss\u00e1g<\/strong><\/th>\n<th><strong>K\u00f6rnyezetv\u00e9delmi megfelel\u00e9s<\/strong><\/th>\n<\/tr>\n<\/thead>\n<tbody>\n<tr>\n<td>Fest\u00e9ksz\u00f3r\u00f3 fest\u00e9s<\/td>\n<td>M\u00e9rs\u00e9kelt<\/td>\n<td>Alacsony<\/td>\n<td>Alacsony<\/td>\n<\/tr>\n<tr>\n<td>Porbevonat<\/td>\n<td>Magas<\/td>\n<td>Magas<\/td>\n<td>Magas<\/td>\n<\/tr>\n<\/tbody>\n<\/table>\n<h3>Szak\u00e9rt\u0151i megl\u00e1t\u00e1sok hasznos\u00edt\u00e1sa<\/h3>\n<p>Konzult\u00e1ljon olyan szakemberekkel, akiknek van tapasztalatuk hasonl\u00f3 projektekkel kapcsolatban. Az \u0151 megl\u00e1t\u00e1saik seg\u00edthetnek meg\u00e9rteni a k\u00fcl\u00f6nb\u00f6z\u0151 megk\u00f6zel\u00edt\u00e9sek lehets\u00e9ges buktat\u00f3it \u00e9s el\u0151nyeit. H\u00e1l\u00f3zat\u00e9p\u00edt\u00e9s ipar\u00e1gi f\u00f3rumokon vagy <a href=\"https:\/\/www.thetradeshownetwork.com\/tradeshow-calendar\">kereskedelmi ki\u00e1ll\u00edt\u00e1sok<\/a><sup id=\"fnref1:hsydbopn-3\"><a href=\"#fn:hsydbopn-3\" class=\"footnote-ref\">10<\/a><\/sup> szint\u00e9n \u00e9rt\u00e9kes perspekt\u00edv\u00e1kat ny\u00fajthat.<\/p>\n<p>Ne feledje, hogy egyetlen t\u00e9nyez\u0151 sem domin\u00e1lhat a d\u00f6nt\u00e9shozatali folyamat\u00e1ban. A k\u00fcl\u00f6nb\u00f6z\u0151 szempontok kiegyens\u00falyoz\u00e1sa biztos\u00edtja, hogy a v\u00e1laszt\u00e1s j\u00f3l illeszkedjen mind a k\u00f6zvetlen projektig\u00e9nyekhez, mind a hossz\u00fa t\u00e1v\u00fa strat\u00e9giai c\u00e9lokhoz. Fontolja meg ezen \u00e9rt\u00e9kel\u00e9sek rendszeres fel\u00fclvizsg\u00e1lat\u00e1t, ha a projekt terjedelme vagy a k\u00fcls\u0151 k\u00f6r\u00fclm\u00e9nyek v\u00e1ltoznak.<\/p>\n<div class=\"claim claim-true\" style=\"background-color: #e6f3e6; border-color: #e6f3e6; color: #2e8b57;\"><p><svg xmlns=\"http:\/\/www.w3.org\/2000\/svg\" width=\"24\" height=\"24\" viewbox=\"0 0 24 24\" fill=\"transparent\" stroke=\"currentColor\" stroke-width=\"2\" stroke-linecap=\"round\" stroke-linejoin=\"round\"><path d=\"M20 13c0 5-3.5 7.5-7.66 8.95a1 1 0 0 1-.67-.01C7.5 20.5 4 18 4 13V6a1 1 0 0 1 1-1c2 0 4.5-1.2 6.24-2.72a1.17 1.17 0 0 1 1.52 0C14.51 3.81 17 5 19 5a1 1 0 0 1 1 1z\"\/><path d=\"m9 12 2 2 4-4\"\/><\/svg> <b>A porfest\u00e9s k\u00f6rnyezetbar\u00e1tabb, mint a fest\u00e9ksz\u00f3r\u00f3 fest\u00e9s.<\/b><span class='claim-true-or-false'>Igaz<\/span><\/p><p class='claim-explanation'>A porbevonat kevesebb VOC-kibocs\u00e1t\u00e1st \u00e9s kevesebb hullad\u00e9kot termel.<\/p><\/div>\n<div class=\"claim claim-false\" style=\"background-color: #f8e6e6; border-color: #f8e6e6; color: #dc143c;\"><p><svg xmlns=\"http:\/\/www.w3.org\/2000\/svg\" width=\"24\" height=\"24\" viewbox=\"0 0 24 24\" fill=\"transparent\" stroke=\"currentColor\" stroke-width=\"2\" stroke-linecap=\"round\" stroke-linejoin=\"round\"><path d=\"M20 13c0 5-3.5 7.5-7.66 8.95a1 1 0 0 1-.67-.01C7.5 20.5 4 18 4 13V6a1 1 0 0 1 1-1c2 0 4.5-1.2 6.24-2.72a1.17 1.17 0 0 1 1.52 0C14.51 3.81 17 5 19 5a1 1 0 0 1 1 1z\"\/><path d=\"m14.5 9.5-5 5\"\/><path d=\"m9.5 9.5 5 5\"\/><\/svg> <b>A k\u00f6lts\u00e9gvet\u00e9s a legkev\u00e9sb\u00e9 fontos t\u00e9nyez\u0151 a projektd\u00f6nt\u00e9sekben.<\/b><span class='claim-true-or-false'>Hamis<\/span><\/p><p class='claim-explanation'>A k\u00f6lts\u00e9gvet\u00e9si korl\u00e1tok d\u00f6nt\u0151 fontoss\u00e1g\u00faak, \u00e9s gyakran priorit\u00e1st \u00e9lveznek a d\u00f6nt\u00e9shozatalban.<\/p><\/div>\n<h2>K\u00f6vetkeztet\u00e9s<\/h2>\n<p>Ez a cikk \u00f6sszehasonl\u00edtja az alum\u00edniumprofilok sz\u00f3r\u00e1sos fest\u00e9s\u00e9t \u00e9s porfest\u00e9s\u00e9t, kiemelve ezek k\u00f6lts\u00e9geit, tart\u00f3ss\u00e1g\u00e1t, k\u00f6rnyezeti hat\u00e1s\u00e1t \u00e9s k\u00fcl\u00f6nb\u00f6z\u0151 projektig\u00e9nyekre val\u00f3 alkalmass\u00e1g\u00e1t.<\/p>\n<div class=\"footnotes\">\n<hr \/>\n<ol>\n<li id=\"fn:watcatroem-1\">\n<p>Vizsg\u00e1lja meg a r\u00e9szletes k\u00f6lts\u00e9g-\u00f6sszehasonl\u00edt\u00e1sokat, \u00e9s \u00e9rtse meg, hogy melyik m\u00f3dszer a p\u00e9nz\u00fcgyileg \u00e9letk\u00e9pesebb az \u00d6n projektje sz\u00e1m\u00e1ra.<a href=\"#fnref1:watcatroem-1\" rev=\"footnote\" class=\"footnote-backref\">\u21a9<\/a><\/p>\n<\/li>\n<li id=\"fn:watcatroem-2\">\n<p>Ismerje meg, hogy ezek a m\u00f3dszerek hogyan hatnak a k\u00f6rnyezetre, hogy megalapozott d\u00f6nt\u00e9st hozhasson, amely \u00f6sszhangban van fenntarthat\u00f3s\u00e1gi c\u00e9ljaival.<a href=\"#fnref1:watcatroem-2\" rev=\"footnote\" class=\"footnote-backref\">\u21a9<\/a><\/p>\n<\/li>\n<li id=\"fn:hdtsfadc-1\">\n<p>Ha meg\u00e9rtj\u00fck, hogy a festett fel\u00fcletek mi\u00e9rt repedeznek, jav\u00edthatjuk karbantart\u00e1sukat \u00e9s alkalmaz\u00e1si m\u00f3dszereiket.<a href=\"#fnref1:hdtsfadc-1\" rev=\"footnote\" class=\"footnote-backref\">\u21a9<\/a><\/p>\n<\/li>\n<li id=\"fn:hdtsfadc-2\">\n<p>Az old\u00f3szerhat\u00e1sok megismer\u00e9se seg\u00edt a k\u00f6rnyezetbar\u00e1tabb fel\u00fcletkezel\u00e9si lehet\u0151s\u00e9gek kiv\u00e1laszt\u00e1s\u00e1ban.<a href=\"#fnref1:hdtsfadc-2\" rev=\"footnote\" class=\"footnote-backref\">\u21a9<\/a><\/p>\n<\/li>\n<li id=\"fn:wmmesb-1\">\n<p>Ismerje meg a VOC-ok k\u00f6rnyezeti hat\u00e1s\u00e1t \u00e9s azt, hogy hogyan befoly\u00e1solj\u00e1k a leveg\u0151 min\u0151s\u00e9g\u00e9t.<a href=\"#fnref1:wmmesb-1\" rev=\"footnote\" class=\"footnote-backref\">\u21a9<\/a><\/p>\n<\/li>\n<li id=\"fn:wmmesb-2\">\n<p>Fedezze fel, hogyan seg\u00edt a porfest\u00e9s a v\u00e1llalkoz\u00e1soknak a szigor\u00fa k\u00f6rnyezetv\u00e9delmi el\u0151\u00edr\u00e1sok betart\u00e1s\u00e1ban.<a href=\"#fnref1:wmmesb-2\" rev=\"footnote\" class=\"footnote-backref\">\u21a9<\/a><\/p>\n<\/li>\n<li id=\"fn:wmmesb-3\">\n<p>Fedezze fel, hogyan t\u00e1mogatja a porfest\u00e9s a k\u00f6rnyezetbar\u00e1t gyakorlatokat az olyan ipar\u00e1gakban, mint az aut\u00f3ipar.<a href=\"#fnref1:wmmesb-3\" rev=\"footnote\" class=\"footnote-backref\">\u21a9<\/a><\/p>\n<\/li>\n<li id=\"fn:hsydbopn-1\">\n<p>Fedezze fel az \u00e1tfog\u00f3 m\u00f3dszereket az alapvet\u0151 projektk\u00f6vetelm\u00e9nyek hat\u00e9kony azonos\u00edt\u00e1s\u00e1ra \u00e9s \u00e9rt\u00e9kel\u00e9s\u00e9re a jobb d\u00f6nt\u00e9shozatal \u00e9rdek\u00e9ben.<a href=\"#fnref1:hsydbopn-1\" rev=\"footnote\" class=\"footnote-backref\">\u21a9<\/a><\/p>\n<\/li>\n<li id=\"fn:hsydbopn-2\">\n<p>Fedezze fel, hogy mi\u00e9rt lehet el\u0151ny\u00f6sebb a porsz\u00f3r\u00e1sos fest\u00e9s a k\u00fcl\u00f6nb\u00f6z\u0151 ipari alkalmaz\u00e1sokban a porsz\u00f3r\u00e1sos fest\u00e9shez k\u00e9pest.<a href=\"#fnref1:hsydbopn-2\" rev=\"footnote\" class=\"footnote-backref\">\u21a9<\/a><\/p>\n<\/li>\n<li id=\"fn:hsydbopn-3\">\n<p>Keresse meg a k\u00f6zelg\u0151 szakki\u00e1ll\u00edt\u00e1sokat, amelyek lehet\u0151s\u00e9get k\u00edn\u00e1lnak a h\u00e1l\u00f3zat\u00e9p\u00edt\u00e9sre \u00e9s az ipar\u00e1g\u00e1ban szak\u00e9rt\u0151i betekint\u00e9st ny\u00fajtanak.<a href=\"#fnref1:hsydbopn-3\" rev=\"footnote\" class=\"footnote-backref\">\u21a9<\/a><\/p>\n<\/li>\n<\/ol>\n<\/div>","protected":false},"excerpt":{"rendered":"<p>Choosing between spray painting and powder coating for aluminum profiles involves evaluating cost, durability, environmental impact, and specific project requirements. Spray painting is cheaper upfront but less durable; powder coating offers superior longevity and eco-friendliness despite higher initial costs. Understanding these factors can guide your decision based on the scale of your project and sustainability goals.<\/p>","protected":false},"author":3,"featured_media":2310,"comment_status":"closed","ping_status":"closed","sticky":false,"template":"","format":"standard","meta":{"_seopress_robots_primary_cat":"none","_seopress_titles_title":"Spray Paint vs. Powder Coating: Which is Better?","_seopress_titles_desc":"Explore the pros and cons of spray painting and powder coating aluminum profiles for cost, durability, and eco-friendliness.","_seopress_robots_index":"","footnotes":""},"categories":[1],"tags":[],"class_list":["post-2315","post","type-post","status-publish","format-standard","has-post-thumbnail","hentry","category-custom-mold"],"meta_box":{"post-to-quiz_to":["2316"]},"_links":{"self":[{"href":"https:\/\/sinoextrud.com\/hu\/wp-json\/wp\/v2\/posts\/2315","targetHints":{"allow":["GET"]}}],"collection":[{"href":"https:\/\/sinoextrud.com\/hu\/wp-json\/wp\/v2\/posts"}],"about":[{"href":"https:\/\/sinoextrud.com\/hu\/wp-json\/wp\/v2\/types\/post"}],"author":[{"embeddable":true,"href":"https:\/\/sinoextrud.com\/hu\/wp-json\/wp\/v2\/users\/3"}],"replies":[{"embeddable":true,"href":"https:\/\/sinoextrud.com\/hu\/wp-json\/wp\/v2\/comments?post=2315"}],"version-history":[{"count":0,"href":"https:\/\/sinoextrud.com\/hu\/wp-json\/wp\/v2\/posts\/2315\/revisions"}],"wp:featuredmedia":[{"embeddable":true,"href":"https:\/\/sinoextrud.com\/hu\/wp-json\/wp\/v2\/media\/2310"}],"wp:attachment":[{"href":"https:\/\/sinoextrud.com\/hu\/wp-json\/wp\/v2\/media?parent=2315"}],"wp:term":[{"taxonomy":"category","embeddable":true,"href":"https:\/\/sinoextrud.com\/hu\/wp-json\/wp\/v2\/categories?post=2315"},{"taxonomy":"post_tag","embeddable":true,"href":"https:\/\/sinoextrud.com\/hu\/wp-json\/wp\/v2\/tags?post=2315"}],"curies":[{"name":"wp","href":"https:\/\/api.w.org\/{rel}","templated":true}]}}